{"id":687,"date":"2022-07-01T09:48:17","date_gmt":"2022-07-01T08:48:17","guid":{"rendered":"https:\/\/tierarztpraxis-dr-wegeler.de\/?p=687"},"modified":"2022-07-01T09:48:52","modified_gmt":"2022-07-01T08:48:52","slug":"urlaub-juni-umbau-august","status":"publish","type":"post","link":"https:\/\/tierarztpraxis-dr-wegeler.de\/?p=687","title":{"rendered":"Urlaub (Juni) &#038; Umbau (August)"},"content":{"rendered":"\n<p class=\"has-medium-font-size\">Liebe Patientenbesitzer, <\/p>\n\n\n\n<p class=\"has-medium-font-size\">Ich mache dieses Jahr vom <strong>09.07. &#8211; 24.07 Urlaub<\/strong>. in dieser Zeit finden keine Termine statt, bitte wenden Sie sich in Notf\u00e4llen an eine Klinik oder Notdiesthabende Tierarztpraxis, Adressen finden sie <a rel=\"noreferrer noopener\" href=\"https:\/\/tierarztpraxis-dr-wegeler.de\/?page_id=174\" data-type=\"page\" data-id=\"174\" target=\"_blank\">HIER<\/a>.<\/p>\n\n\n\n<p class=\"has-medium-font-size\">Nach dem Urlaub ist f\u00fcr eine Woche normal Sprechstunde, danach (ab dem 01.08) werde ich die Praxisr\u00e4ume umgestalten und umbauen daher k\u00f6nnen vom <strong>01.08. &#8211; 02.09. nur Hausbesuche<\/strong> stattfinden. Bitte melden sie sich telefonisch um Termine zu vereinbaren.<\/p>\n\n\n\n<p class=\"has-medium-font-size\">Ich bitte evtl Umst\u00e4nde zu entschuldigen und w\u00fcsche Ihnen und Ihrere Familie einen sch\u00f6nen Sommer.<\/p>\n","protected":false},"excerpt":{"rendered":"<p>Liebe Patientenbesitzer, Ich mache dieses Jahr vom 09.07. &#8211; 24.07 Urlaub. in dieser Zeit finden keine Termine statt, bitte wenden Sie sich in Notf\u00e4llen an eine Klinik oder Notdiesthabende Tierarztpraxis, Adressen finden sie HIER. Nach dem Urlaub ist f\u00fcr eine&hellip; <\/p>\n","protected":false},"author":1,"featured_media":0,"comment_status":"closed","ping_status":"closed","sticky":false,"template":"","format":"standard","meta":{"footnotes":""},"categories":[1],"tags":[],"class_list":["post-687","post","type-post","status-publish","format-standard","hentry","category-uncategorized"],"_links":{"self":[{"href":"https:\/\/tierarztpraxis-dr-wegeler.de\/index.php?rest_route=\/wp\/v2\/posts\/687","targetHints":{"allow":["GET"]}}],"collection":[{"href":"https:\/\/tierarztpraxis-dr-wegeler.de\/index.php?rest_route=\/wp\/v2\/posts"}],"about":[{"href":"https:\/\/tierarztpraxis-dr-wegeler.de\/index.php?rest_route=\/wp\/v2\/types\/post"}],"author":[{"embeddable":true,"href":"https:\/\/tierarztpraxis-dr-wegeler.de\/index.php?rest_route=\/wp\/v2\/users\/1"}],"replies":[{"embeddable":true,"href":"https:\/\/tierarztpraxis-dr-wegeler.de\/index.php?rest_route=%2Fwp%2Fv2%2Fcomments&post=687"}],"version-history":[{"count":3,"href":"https:\/\/tierarztpraxis-dr-wegeler.de\/index.php?rest_route=\/wp\/v2\/posts\/687\/revisions"}],"predecessor-version":[{"id":690,"href":"https:\/\/tierarztpraxis-dr-wegeler.de\/index.php?rest_route=\/wp\/v2\/posts\/687\/revisions\/690"}],"wp:attachment":[{"href":"https:\/\/tierarztpraxis-dr-wegeler.de\/index.php?rest_route=%2Fwp%2Fv2%2Fmedia&parent=687"}],"wp:term":[{"taxonomy":"category","embeddable":true,"href":"https:\/\/tierarztpraxis-dr-wegeler.de\/index.php?rest_route=%2Fwp%2Fv2%2Fcategories&post=687"},{"taxonomy":"post_tag","embeddable":true,"href":"https:\/\/tierarztpraxis-dr-wegeler.de\/index.php?rest_route=%2Fwp%2Fv2%2Ftags&post=687"}],"curies":[{"name":"wp","href":"https:\/\/api.w.org\/{rel}","templated":true}]}}