{"id":743,"date":"2024-07-23T15:40:52","date_gmt":"2024-07-23T14:40:52","guid":{"rendered":"https:\/\/tierarztpraxis-dr-wegeler.de\/?p=743"},"modified":"2024-07-23T15:40:54","modified_gmt":"2024-07-23T14:40:54","slug":"sommerferien-2024","status":"publish","type":"post","link":"https:\/\/tierarztpraxis-dr-wegeler.de\/?p=743","title":{"rendered":"Sommerferien 2024"},"content":{"rendered":"\n<p>Ich mache auch dieses Jahr Urlaub daher ist die Praxis vom Freitag 02.08. bis Sonntag 18.08 geschlossen. <\/p>\n\n\n\n<p>F\u00fcr Termine nach dem 18.08 sprechen Sie mir bitte auf den Anrufbeantworter oder schreiben mir eine email mit dem Terminwunsch. Ich melde mich baldm\u00f6glichst bei Ihnen zur Terminabsprache. <\/p>\n\n\n\n<p>Bei dringenden Terminen oder Notf\u00e4llen wenden Sie sich bitte an eine der Notdiensthabenden Praxen. <a href=\"https:\/\/tierarztpraxis-dr-wegeler.de\/?page_id=174\" data-type=\"page\" data-id=\"174\">Hier<\/a> finden sie eine Liste mit einigen Praxen. <\/p>\n\n\n\n<p>Ich w\u00fcnsche Ihnen einen erholsamen Sommer und freue mich nach dem Urlaub wieder f\u00fcr Sie und Ihre Tiere da sein zu d\u00fcrfen.<\/p>\n\n\n\n<p>C. Wegeler<\/p>\n\n\n\n<figure class=\"wp-block-image size-large is-resized is-style-rounded\"><img loading=\"lazy\" decoding=\"async\" width=\"2289\" height=\"1032\" src=\"https:\/\/tierarztpraxis-dr-wegeler.de\/wp-content\/uploads\/2024\/07\/20230815_140155-edited.jpg\" alt=\"\" class=\"wp-image-745\" style=\"width:1021px;height:auto\" srcset=\"https:\/\/tierarztpraxis-dr-wegeler.de\/wp-content\/uploads\/2024\/07\/20230815_140155-edited.jpg 2289w, https:\/\/tierarztpraxis-dr-wegeler.de\/wp-content\/uploads\/2024\/07\/20230815_140155-edited-300x135.jpg 300w, https:\/\/tierarztpraxis-dr-wegeler.de\/wp-content\/uploads\/2024\/07\/20230815_140155-edited-1024x462.jpg 1024w, https:\/\/tierarztpraxis-dr-wegeler.de\/wp-content\/uploads\/2024\/07\/20230815_140155-edited-768x346.jpg 768w, https:\/\/tierarztpraxis-dr-wegeler.de\/wp-content\/uploads\/2024\/07\/20230815_140155-edited-1536x693.jpg 1536w, https:\/\/tierarztpraxis-dr-wegeler.de\/wp-content\/uploads\/2024\/07\/20230815_140155-edited-2048x923.jpg 2048w\" sizes=\"auto, (max-width: 2289px) 100vw, 2289px\" \/><\/figure>\n","protected":false},"excerpt":{"rendered":"<p>Ich mache auch dieses Jahr Urlaub daher ist die Praxis vom Freitag 02.08. bis Sonntag 18.08 geschlossen. F\u00fcr Termine nach dem 18.08 sprechen Sie mir bitte auf den Anrufbeantworter oder schreiben mir eine email mit dem Terminwunsch. Ich melde mich&hellip; <\/p>\n","protected":false},"author":1,"featured_media":0,"comment_status":"closed","ping_status":"closed","sticky":false,"template":"","format":"standard","meta":{"footnotes":""},"categories":[1],"tags":[],"class_list":["post-743","post","type-post","status-publish","format-standard","hentry","category-uncategorized"],"_links":{"self":[{"href":"https:\/\/tierarztpraxis-dr-wegeler.de\/index.php?rest_route=\/wp\/v2\/posts\/743","targetHints":{"allow":["GET"]}}],"collection":[{"href":"https:\/\/tierarztpraxis-dr-wegeler.de\/index.php?rest_route=\/wp\/v2\/posts"}],"about":[{"href":"https:\/\/tierarztpraxis-dr-wegeler.de\/index.php?rest_route=\/wp\/v2\/types\/post"}],"author":[{"embeddable":true,"href":"https:\/\/tierarztpraxis-dr-wegeler.de\/index.php?rest_route=\/wp\/v2\/users\/1"}],"replies":[{"embeddable":true,"href":"https:\/\/tierarztpraxis-dr-wegeler.de\/index.php?rest_route=%2Fwp%2Fv2%2Fcomments&post=743"}],"version-history":[{"count":1,"href":"https:\/\/tierarztpraxis-dr-wegeler.de\/index.php?rest_route=\/wp\/v2\/posts\/743\/revisions"}],"predecessor-version":[{"id":746,"href":"https:\/\/tierarztpraxis-dr-wegeler.de\/index.php?rest_route=\/wp\/v2\/posts\/743\/revisions\/746"}],"wp:attachment":[{"href":"https:\/\/tierarztpraxis-dr-wegeler.de\/index.php?rest_route=%2Fwp%2Fv2%2Fmedia&parent=743"}],"wp:term":[{"taxonomy":"category","embeddable":true,"href":"https:\/\/tierarztpraxis-dr-wegeler.de\/index.php?rest_route=%2Fwp%2Fv2%2Fcategories&post=743"},{"taxonomy":"post_tag","embeddable":true,"href":"https:\/\/tierarztpraxis-dr-wegeler.de\/index.php?rest_route=%2Fwp%2Fv2%2Ftags&post=743"}],"curies":[{"name":"wp","href":"https:\/\/api.w.org\/{rel}","templated":true}]}}